{"id":1861,"date":"2023-04-03T13:59:36","date_gmt":"2023-04-03T11:59:36","guid":{"rendered":"https:\/\/ebac-auto.be\/die-digitale-weltpremiere-des-kia-ev9\/"},"modified":"2024-10-24T09:35:34","modified_gmt":"2024-10-24T07:35:34","slug":"die-digitale-weltpremiere-des-kia-ev9","status":"publish","type":"post","link":"https:\/\/ebac-auto.be\/de\/die-digitale-weltpremiere-des-kia-ev9\/","title":{"rendered":"Die digitale Weltpremiere des Kia EV9."},"content":{"rendered":"\t\t<div data-elementor-type=\"wp-post\" data-elementor-id=\"1861\" class=\"elementor elementor-1861 elementor-1848\" data-elementor-settings=\"{&quot;ha_cmc_init_switcher&quot;:&quot;no&quot;}\" data-elementor-post-type=\"post\">\n\t\t\t\t\t\t<section class=\"elementor-section elementor-top-section elementor-element elementor-element-b4d15b1 elementor-section-boxed elementor-section-height-default elementor-section-height-default\" data-id=\"b4d15b1\" data-element_type=\"section\" data-e-type=\"section\">\n\t\t\t\t\t\t<div class=\"elementor-container elementor-column-gap-default\">\n\t\t\t\t\t<div class=\"elementor-column elementor-col-100 elementor-top-column elementor-element elementor-element-ec4610b\" data-id=\"ec4610b\" data-element_type=\"column\" data-e-type=\"column\">\n\t\t\t<div class=\"elementor-widget-wrap elementor-element-populated\">\n\t\t\t\t\t\t<div class=\"elementor-element elementor-element-d5d6240 elementor-widget elementor-widget-heading\" data-id=\"d5d6240\" data-element_type=\"widget\" data-e-type=\"widget\" data-widget_type=\"heading.default\">\n\t\t\t\t<div class=\"elementor-widget-container\">\n\t\t\t\t\t<h2 class=\"elementor-heading-title elementor-size-default\">Der Kia EV9.<br>Um die Art und Weise, wie wir uns bewegen, neu zu definieren.<\/h2>\t\t\t\t<\/div>\n\t\t\t\t<\/div>\n\t\t\t\t<div class=\"elementor-element elementor-element-526e928 elementor-widget elementor-widget-text-editor\" data-id=\"526e928\" data-element_type=\"widget\" data-e-type=\"widget\" data-widget_type=\"text-editor.default\">\n\t\t\t\t<div class=\"elementor-widget-container\">\n\t\t\t\t\t\t\t\t\t<p>Die mutige Vision f\u00fcr die Zukunft von Kia.<\/p>\n\t\t\t\t\t\t\t\t<\/div>\n\t\t\t\t<\/div>\n\t\t\t\t<div class=\"elementor-element elementor-element-017aef8 elementor-widget elementor-widget-heading\" data-id=\"017aef8\" data-element_type=\"widget\" data-e-type=\"widget\" data-widget_type=\"heading.default\">\n\t\t\t\t<div class=\"elementor-widget-container\">\n\t\t\t\t\t<h2 class=\"elementor-heading-title elementor-size-default\">Das Konzept der rein elektrischen SUVs neu \u00fcberdenken<\/h2>\t\t\t\t<\/div>\n\t\t\t\t<\/div>\n\t\t\t\t<div class=\"elementor-element elementor-element-c861695 elementor-widget elementor-widget-text-editor\" data-id=\"c861695\" data-element_type=\"widget\" data-e-type=\"widget\" data-widget_type=\"text-editor.default\">\n\t\t\t\t<div class=\"elementor-widget-container\">\n\t\t\t\t\t\t\t\t\t<p><span style=\"color: var( --e-global-color-text ); letter-spacing: 0.1px;\">Der Kia EV9 strahlt eine zeitgem\u00e4\u00dfe Ruhe und Eleganz aus, die zu einem hoch entwickelten, ger\u00e4umigen Elektrofahrzeug passt, das f\u00fcr nachhaltige Mobilit\u00e4t steht. Er schafft es aber auch, wie ein echter SUV aufzutreten, der in allen Bedingungen und Fahrsituationen bestehen kann.<\/span><\/p>\n\t\t\t\t\t\t\t\t<\/div>\n\t\t\t\t<\/div>\n\t\t\t\t<div class=\"elementor-element elementor-element-17f7521 elementor-widget elementor-widget-video\" data-id=\"17f7521\" data-element_type=\"widget\" data-e-type=\"widget\" data-settings=\"{&quot;youtube_url&quot;:&quot;https:\\\/\\\/www.youtube.com\\\/watch?v=Bi31-TTphwM&amp;ab_channel=KiaFrance&quot;,&quot;video_type&quot;:&quot;youtube&quot;,&quot;controls&quot;:&quot;yes&quot;}\" data-widget_type=\"video.default\">\n\t\t\t\t<div class=\"elementor-widget-container\">\n\t\t\t\t\t\t\t<div class=\"elementor-wrapper elementor-open-inline\">\n\t\t\t<div class=\"elementor-video\"><\/div>\t\t<\/div>\n\t\t\t\t\t\t<\/div>\n\t\t\t\t<\/div>\n\t\t\t\t\t<\/div>\n\t\t<\/div>\n\t\t\t\t\t<\/div>\n\t\t<\/section>\n\t\t\t\t<\/div>\n\t\t","protected":false},"excerpt":{"rendered":"<p>Der Kia EV9.Um die Art und Weise, wie wir uns bewegen, neu zu definieren. Die mutige Vision f\u00fcr die Zukunft von Kia. Das Konzept der rein elektrischen SUVs neu \u00fcberdenken Der Kia EV9 strahlt eine zeitgem\u00e4\u00dfe Ruhe und Eleganz aus, die zu einem hoch entwickelten, ger\u00e4umigen Elektrofahrzeug passt, das f\u00fcr nachhaltige Mobilit\u00e4t steht. Er schafft [&hellip;]<\/p>\n","protected":false},"author":6,"featured_media":1860,"comment_status":"open","ping_status":"open","sticky":false,"template":"","format":"standard","meta":{"_acf_changed":false,"inline_featured_image":false,"footnotes":""},"categories":[24],"tags":[],"class_list":["post-1861","post","type-post","status-publish","format-standard","has-post-thumbnail","hentry","category-article-de"],"acf":[],"yoast_head":"<!-- This site is optimized with the Yoast SEO plugin v27.4 - https:\/\/yoast.com\/product\/yoast-seo-wordpress\/ -->\n<title>Die digitale Weltpremiere des Kia EV9. - Ebac-Auto<\/title>\n<meta name=\"robots\" content=\"index, follow, max-snippet:-1, max-image-preview:large, max-video-preview:-1\" \/>\n<link rel=\"canonical\" href=\"https:\/\/ebac-auto.be\/de\/die-digitale-weltpremiere-des-kia-ev9\/\" \/>\n<meta property=\"og:locale\" content=\"de_DE\" \/>\n<meta property=\"og:type\" content=\"article\" \/>\n<meta property=\"og:title\" content=\"Die digitale Weltpremiere des Kia EV9. - Ebac-Auto\" \/>\n<meta property=\"og:description\" content=\"Der Kia EV9.Um die Art und Weise, wie wir uns bewegen, neu zu definieren. Die mutige Vision f\u00fcr die Zukunft von Kia. Das Konzept der rein elektrischen SUVs neu \u00fcberdenken Der Kia EV9 strahlt eine zeitgem\u00e4\u00dfe Ruhe und Eleganz aus, die zu einem hoch entwickelten, ger\u00e4umigen Elektrofahrzeug passt, das f\u00fcr nachhaltige Mobilit\u00e4t steht. Er schafft [&hellip;]\" \/>\n<meta property=\"og:url\" content=\"https:\/\/ebac-auto.be\/de\/die-digitale-weltpremiere-des-kia-ev9\/\" \/>\n<meta property=\"og:site_name\" content=\"Ebac-Auto\" \/>\n<meta property=\"article:published_time\" content=\"2023-04-03T11:59:36+00:00\" \/>\n<meta property=\"article:modified_time\" content=\"2024-10-24T07:35:34+00:00\" \/>\n<meta property=\"og:image\" content=\"https:\/\/ebac-auto.be\/wp-content\/uploads\/2023\/04\/kia-ev9-premiere-mondiale-ebac-auto-1.jpg\" \/>\n\t<meta property=\"og:image:width\" content=\"1920\" \/>\n\t<meta property=\"og:image:height\" content=\"450\" \/>\n\t<meta property=\"og:image:type\" content=\"image\/jpeg\" \/>\n<meta name=\"author\" content=\"pixelbar\" \/>\n<meta name=\"twitter:card\" content=\"summary_large_image\" \/>\n<meta name=\"twitter:label1\" content=\"Verfasst von\" \/>\n\t<meta name=\"twitter:data1\" content=\"pixelbar\" \/>\n<script type=\"application\/ld+json\" class=\"yoast-schema-graph\">{\"@context\":\"https:\\\/\\\/schema.org\",\"@graph\":[{\"@type\":\"Article\",\"@id\":\"https:\\\/\\\/ebac-auto.be\\\/de\\\/die-digitale-weltpremiere-des-kia-ev9\\\/#article\",\"isPartOf\":{\"@id\":\"https:\\\/\\\/ebac-auto.be\\\/de\\\/die-digitale-weltpremiere-des-kia-ev9\\\/\"},\"author\":{\"name\":\"pixelbar\",\"@id\":\"https:\\\/\\\/ebac-auto.be\\\/de\\\/#\\\/schema\\\/person\\\/4adf595596ec3c79deeb3781d2f48199\"},\"headline\":\"Die digitale Weltpremiere des Kia EV9.\",\"datePublished\":\"2023-04-03T11:59:36+00:00\",\"dateModified\":\"2024-10-24T07:35:34+00:00\",\"mainEntityOfPage\":{\"@id\":\"https:\\\/\\\/ebac-auto.be\\\/de\\\/die-digitale-weltpremiere-des-kia-ev9\\\/\"},\"wordCount\":94,\"commentCount\":0,\"publisher\":{\"@id\":\"https:\\\/\\\/ebac-auto.be\\\/de\\\/#organization\"},\"image\":{\"@id\":\"https:\\\/\\\/ebac-auto.be\\\/de\\\/die-digitale-weltpremiere-des-kia-ev9\\\/#primaryimage\"},\"thumbnailUrl\":\"https:\\\/\\\/ebac-auto.be\\\/wp-content\\\/uploads\\\/2023\\\/04\\\/kia-ev9-premiere-mondiale-ebac-auto-1.jpg\",\"articleSection\":[\"Article\"],\"inLanguage\":\"de\",\"potentialAction\":[{\"@type\":\"CommentAction\",\"name\":\"Comment\",\"target\":[\"https:\\\/\\\/ebac-auto.be\\\/de\\\/die-digitale-weltpremiere-des-kia-ev9\\\/#respond\"]}]},{\"@type\":\"WebPage\",\"@id\":\"https:\\\/\\\/ebac-auto.be\\\/de\\\/die-digitale-weltpremiere-des-kia-ev9\\\/\",\"url\":\"https:\\\/\\\/ebac-auto.be\\\/de\\\/die-digitale-weltpremiere-des-kia-ev9\\\/\",\"name\":\"Die digitale Weltpremiere des Kia EV9. - Ebac-Auto\",\"isPartOf\":{\"@id\":\"https:\\\/\\\/ebac-auto.be\\\/de\\\/#website\"},\"primaryImageOfPage\":{\"@id\":\"https:\\\/\\\/ebac-auto.be\\\/de\\\/die-digitale-weltpremiere-des-kia-ev9\\\/#primaryimage\"},\"image\":{\"@id\":\"https:\\\/\\\/ebac-auto.be\\\/de\\\/die-digitale-weltpremiere-des-kia-ev9\\\/#primaryimage\"},\"thumbnailUrl\":\"https:\\\/\\\/ebac-auto.be\\\/wp-content\\\/uploads\\\/2023\\\/04\\\/kia-ev9-premiere-mondiale-ebac-auto-1.jpg\",\"datePublished\":\"2023-04-03T11:59:36+00:00\",\"dateModified\":\"2024-10-24T07:35:34+00:00\",\"breadcrumb\":{\"@id\":\"https:\\\/\\\/ebac-auto.be\\\/de\\\/die-digitale-weltpremiere-des-kia-ev9\\\/#breadcrumb\"},\"inLanguage\":\"de\",\"potentialAction\":[{\"@type\":\"ReadAction\",\"target\":[\"https:\\\/\\\/ebac-auto.be\\\/de\\\/die-digitale-weltpremiere-des-kia-ev9\\\/\"]}]},{\"@type\":\"ImageObject\",\"inLanguage\":\"de\",\"@id\":\"https:\\\/\\\/ebac-auto.be\\\/de\\\/die-digitale-weltpremiere-des-kia-ev9\\\/#primaryimage\",\"url\":\"https:\\\/\\\/ebac-auto.be\\\/wp-content\\\/uploads\\\/2023\\\/04\\\/kia-ev9-premiere-mondiale-ebac-auto-1.jpg\",\"contentUrl\":\"https:\\\/\\\/ebac-auto.be\\\/wp-content\\\/uploads\\\/2023\\\/04\\\/kia-ev9-premiere-mondiale-ebac-auto-1.jpg\",\"width\":1920,\"height\":450,\"caption\":\"Kia EV9 Premi\u00e8re mondiale Ebac Auto\"},{\"@type\":\"BreadcrumbList\",\"@id\":\"https:\\\/\\\/ebac-auto.be\\\/de\\\/die-digitale-weltpremiere-des-kia-ev9\\\/#breadcrumb\",\"itemListElement\":[{\"@type\":\"ListItem\",\"position\":1,\"name\":\"Accueil\",\"item\":\"https:\\\/\\\/ebac-auto.be\\\/de\\\/\"},{\"@type\":\"ListItem\",\"position\":2,\"name\":\"Die digitale Weltpremiere des Kia EV9.\"}]},{\"@type\":\"WebSite\",\"@id\":\"https:\\\/\\\/ebac-auto.be\\\/de\\\/#website\",\"url\":\"https:\\\/\\\/ebac-auto.be\\\/de\\\/\",\"name\":\"Ebac-Auto\",\"description\":\"Partner f\u00fcr Ihre Mobilit\u00e4t in der Provinz L\u00fcttich\",\"publisher\":{\"@id\":\"https:\\\/\\\/ebac-auto.be\\\/de\\\/#organization\"},\"potentialAction\":[{\"@type\":\"SearchAction\",\"target\":{\"@type\":\"EntryPoint\",\"urlTemplate\":\"https:\\\/\\\/ebac-auto.be\\\/de\\\/?s={search_term_string}\"},\"query-input\":{\"@type\":\"PropertyValueSpecification\",\"valueRequired\":true,\"valueName\":\"search_term_string\"}}],\"inLanguage\":\"de\"},{\"@type\":\"Organization\",\"@id\":\"https:\\\/\\\/ebac-auto.be\\\/de\\\/#organization\",\"name\":\"Ebac\",\"url\":\"https:\\\/\\\/ebac-auto.be\\\/de\\\/\",\"logo\":{\"@type\":\"ImageObject\",\"inLanguage\":\"de\",\"@id\":\"https:\\\/\\\/ebac-auto.be\\\/de\\\/#\\\/schema\\\/logo\\\/image\\\/\",\"url\":\"\",\"contentUrl\":\"\",\"caption\":\"Ebac\"},\"image\":{\"@id\":\"https:\\\/\\\/ebac-auto.be\\\/de\\\/#\\\/schema\\\/logo\\\/image\\\/\"}},{\"@type\":\"Person\",\"@id\":\"https:\\\/\\\/ebac-auto.be\\\/de\\\/#\\\/schema\\\/person\\\/4adf595596ec3c79deeb3781d2f48199\",\"name\":\"pixelbar\",\"image\":{\"@type\":\"ImageObject\",\"inLanguage\":\"de\",\"@id\":\"https:\\\/\\\/secure.gravatar.com\\\/avatar\\\/0fae98c0a247db68f9b668d9408ac3c2d412d75b45d6d924bb18eedf128f1f7b?s=96&d=mm&r=g\",\"url\":\"https:\\\/\\\/secure.gravatar.com\\\/avatar\\\/0fae98c0a247db68f9b668d9408ac3c2d412d75b45d6d924bb18eedf128f1f7b?s=96&d=mm&r=g\",\"contentUrl\":\"https:\\\/\\\/secure.gravatar.com\\\/avatar\\\/0fae98c0a247db68f9b668d9408ac3c2d412d75b45d6d924bb18eedf128f1f7b?s=96&d=mm&r=g\",\"caption\":\"pixelbar\"}}]}<\/script>\n<!-- \/ Yoast SEO plugin. -->","yoast_head_json":{"title":"Die digitale Weltpremiere des Kia EV9. - Ebac-Auto","robots":{"index":"index","follow":"follow","max-snippet":"max-snippet:-1","max-image-preview":"max-image-preview:large","max-video-preview":"max-video-preview:-1"},"canonical":"https:\/\/ebac-auto.be\/de\/die-digitale-weltpremiere-des-kia-ev9\/","og_locale":"de_DE","og_type":"article","og_title":"Die digitale Weltpremiere des Kia EV9. - Ebac-Auto","og_description":"Der Kia EV9.Um die Art und Weise, wie wir uns bewegen, neu zu definieren. Die mutige Vision f\u00fcr die Zukunft von Kia. Das Konzept der rein elektrischen SUVs neu \u00fcberdenken Der Kia EV9 strahlt eine zeitgem\u00e4\u00dfe Ruhe und Eleganz aus, die zu einem hoch entwickelten, ger\u00e4umigen Elektrofahrzeug passt, das f\u00fcr nachhaltige Mobilit\u00e4t steht. Er schafft [&hellip;]","og_url":"https:\/\/ebac-auto.be\/de\/die-digitale-weltpremiere-des-kia-ev9\/","og_site_name":"Ebac-Auto","article_published_time":"2023-04-03T11:59:36+00:00","article_modified_time":"2024-10-24T07:35:34+00:00","og_image":[{"width":1920,"height":450,"url":"https:\/\/ebac-auto.be\/wp-content\/uploads\/2023\/04\/kia-ev9-premiere-mondiale-ebac-auto-1.jpg","type":"image\/jpeg"}],"author":"pixelbar","twitter_card":"summary_large_image","twitter_misc":{"Verfasst von":"pixelbar"},"schema":{"@context":"https:\/\/schema.org","@graph":[{"@type":"Article","@id":"https:\/\/ebac-auto.be\/de\/die-digitale-weltpremiere-des-kia-ev9\/#article","isPartOf":{"@id":"https:\/\/ebac-auto.be\/de\/die-digitale-weltpremiere-des-kia-ev9\/"},"author":{"name":"pixelbar","@id":"https:\/\/ebac-auto.be\/de\/#\/schema\/person\/4adf595596ec3c79deeb3781d2f48199"},"headline":"Die digitale Weltpremiere des Kia EV9.","datePublished":"2023-04-03T11:59:36+00:00","dateModified":"2024-10-24T07:35:34+00:00","mainEntityOfPage":{"@id":"https:\/\/ebac-auto.be\/de\/die-digitale-weltpremiere-des-kia-ev9\/"},"wordCount":94,"commentCount":0,"publisher":{"@id":"https:\/\/ebac-auto.be\/de\/#organization"},"image":{"@id":"https:\/\/ebac-auto.be\/de\/die-digitale-weltpremiere-des-kia-ev9\/#primaryimage"},"thumbnailUrl":"https:\/\/ebac-auto.be\/wp-content\/uploads\/2023\/04\/kia-ev9-premiere-mondiale-ebac-auto-1.jpg","articleSection":["Article"],"inLanguage":"de","potentialAction":[{"@type":"CommentAction","name":"Comment","target":["https:\/\/ebac-auto.be\/de\/die-digitale-weltpremiere-des-kia-ev9\/#respond"]}]},{"@type":"WebPage","@id":"https:\/\/ebac-auto.be\/de\/die-digitale-weltpremiere-des-kia-ev9\/","url":"https:\/\/ebac-auto.be\/de\/die-digitale-weltpremiere-des-kia-ev9\/","name":"Die digitale Weltpremiere des Kia EV9. - Ebac-Auto","isPartOf":{"@id":"https:\/\/ebac-auto.be\/de\/#website"},"primaryImageOfPage":{"@id":"https:\/\/ebac-auto.be\/de\/die-digitale-weltpremiere-des-kia-ev9\/#primaryimage"},"image":{"@id":"https:\/\/ebac-auto.be\/de\/die-digitale-weltpremiere-des-kia-ev9\/#primaryimage"},"thumbnailUrl":"https:\/\/ebac-auto.be\/wp-content\/uploads\/2023\/04\/kia-ev9-premiere-mondiale-ebac-auto-1.jpg","datePublished":"2023-04-03T11:59:36+00:00","dateModified":"2024-10-24T07:35:34+00:00","breadcrumb":{"@id":"https:\/\/ebac-auto.be\/de\/die-digitale-weltpremiere-des-kia-ev9\/#breadcrumb"},"inLanguage":"de","potentialAction":[{"@type":"ReadAction","target":["https:\/\/ebac-auto.be\/de\/die-digitale-weltpremiere-des-kia-ev9\/"]}]},{"@type":"ImageObject","inLanguage":"de","@id":"https:\/\/ebac-auto.be\/de\/die-digitale-weltpremiere-des-kia-ev9\/#primaryimage","url":"https:\/\/ebac-auto.be\/wp-content\/uploads\/2023\/04\/kia-ev9-premiere-mondiale-ebac-auto-1.jpg","contentUrl":"https:\/\/ebac-auto.be\/wp-content\/uploads\/2023\/04\/kia-ev9-premiere-mondiale-ebac-auto-1.jpg","width":1920,"height":450,"caption":"Kia EV9 Premi\u00e8re mondiale Ebac Auto"},{"@type":"BreadcrumbList","@id":"https:\/\/ebac-auto.be\/de\/die-digitale-weltpremiere-des-kia-ev9\/#breadcrumb","itemListElement":[{"@type":"ListItem","position":1,"name":"Accueil","item":"https:\/\/ebac-auto.be\/de\/"},{"@type":"ListItem","position":2,"name":"Die digitale Weltpremiere des Kia EV9."}]},{"@type":"WebSite","@id":"https:\/\/ebac-auto.be\/de\/#website","url":"https:\/\/ebac-auto.be\/de\/","name":"Ebac-Auto","description":"Partner f\u00fcr Ihre Mobilit\u00e4t in der Provinz L\u00fcttich","publisher":{"@id":"https:\/\/ebac-auto.be\/de\/#organization"},"potentialAction":[{"@type":"SearchAction","target":{"@type":"EntryPoint","urlTemplate":"https:\/\/ebac-auto.be\/de\/?s={search_term_string}"},"query-input":{"@type":"PropertyValueSpecification","valueRequired":true,"valueName":"search_term_string"}}],"inLanguage":"de"},{"@type":"Organization","@id":"https:\/\/ebac-auto.be\/de\/#organization","name":"Ebac","url":"https:\/\/ebac-auto.be\/de\/","logo":{"@type":"ImageObject","inLanguage":"de","@id":"https:\/\/ebac-auto.be\/de\/#\/schema\/logo\/image\/","url":"","contentUrl":"","caption":"Ebac"},"image":{"@id":"https:\/\/ebac-auto.be\/de\/#\/schema\/logo\/image\/"}},{"@type":"Person","@id":"https:\/\/ebac-auto.be\/de\/#\/schema\/person\/4adf595596ec3c79deeb3781d2f48199","name":"pixelbar","image":{"@type":"ImageObject","inLanguage":"de","@id":"https:\/\/secure.gravatar.com\/avatar\/0fae98c0a247db68f9b668d9408ac3c2d412d75b45d6d924bb18eedf128f1f7b?s=96&d=mm&r=g","url":"https:\/\/secure.gravatar.com\/avatar\/0fae98c0a247db68f9b668d9408ac3c2d412d75b45d6d924bb18eedf128f1f7b?s=96&d=mm&r=g","contentUrl":"https:\/\/secure.gravatar.com\/avatar\/0fae98c0a247db68f9b668d9408ac3c2d412d75b45d6d924bb18eedf128f1f7b?s=96&d=mm&r=g","caption":"pixelbar"}}]}},"_links":{"self":[{"href":"https:\/\/ebac-auto.be\/de\/wp-json\/wp\/v2\/posts\/1861","targetHints":{"allow":["GET"]}}],"collection":[{"href":"https:\/\/ebac-auto.be\/de\/wp-json\/wp\/v2\/posts"}],"about":[{"href":"https:\/\/ebac-auto.be\/de\/wp-json\/wp\/v2\/types\/post"}],"author":[{"embeddable":true,"href":"https:\/\/ebac-auto.be\/de\/wp-json\/wp\/v2\/users\/6"}],"replies":[{"embeddable":true,"href":"https:\/\/ebac-auto.be\/de\/wp-json\/wp\/v2\/comments?post=1861"}],"version-history":[{"count":4,"href":"https:\/\/ebac-auto.be\/de\/wp-json\/wp\/v2\/posts\/1861\/revisions"}],"predecessor-version":[{"id":4845,"href":"https:\/\/ebac-auto.be\/de\/wp-json\/wp\/v2\/posts\/1861\/revisions\/4845"}],"wp:featuredmedia":[{"embeddable":true,"href":"https:\/\/ebac-auto.be\/de\/wp-json\/wp\/v2\/media\/1860"}],"wp:attachment":[{"href":"https:\/\/ebac-auto.be\/de\/wp-json\/wp\/v2\/media?parent=1861"}],"wp:term":[{"taxonomy":"category","embeddable":true,"href":"https:\/\/ebac-auto.be\/de\/wp-json\/wp\/v2\/categories?post=1861"},{"taxonomy":"post_tag","embeddable":true,"href":"https:\/\/ebac-auto.be\/de\/wp-json\/wp\/v2\/tags?post=1861"}],"curies":[{"name":"wp","href":"https:\/\/api.w.org\/{rel}","templated":true}]}}